{"id":178,"date":"2021-08-17T11:52:53","date_gmt":"2021-08-17T09:52:53","guid":{"rendered":"https:\/\/filo.pruebaensilencio.es\/?p=178"},"modified":"2024-09-14T16:40:25","modified_gmt":"2024-09-14T14:40:25","slug":"filo-arquitectos-publicado-en-revista-matter-2","status":"publish","type":"post","link":"https:\/\/filoarquitectos.com\/en\/filo-arquitectos-publicado-en-revista-matter-2\/","title":{"rendered":"PUBLICADO en REVISTA MATTER (I)"},"content":{"rendered":"<div class=\"wpb-content-wrapper\"><div class=\"vc_row wpb_row vc_row-fluid\"><div class=\"wpb_column vc_column_container vc_col-sm-12\"><div class=\"vc_column-inner\"><div class=\"wpb_wrapper\">\n\t<div class=\"wpb_text_column wpb_content_element\" >\n\t\t<div class=\"wpb_wrapper\">\n\t\t\t<p>Nuestra entrevista con Cristina de Matter sobre Representaci\u00f3n en Arquitectura, es el art\u00edculo m\u00e1s visitado de la web.<\/p>\n<p><a href=\"https:\/\/revistamatter.com\/arquitectura-y-representacion-filo-arquitectos\/\" target=\"_blank\" rel=\"noopener\">Ver enlace<\/a><\/p>\n\n\t\t<\/div>\n\t<\/div>\n<\/div><\/div><\/div><\/div>\n<\/div>","protected":false},"excerpt":{"rendered":"Nuestra entrevista con Cristina de Matter sobre Representaci\u00f3n en Arquitectura, es el art\u00edculo m\u00e1s visitado de la web. Ver enlace","protected":false},"author":1,"featured_media":179,"comment_status":"open","ping_status":"open","sticky":false,"template":"","format":"standard","meta":{"footnotes":""},"categories":[1],"tags":[],"class_list":["post-178","post","type-post","status-publish","format-standard","has-post-thumbnail","hentry","category-sin-categoria"],"yoast_head":"<!-- This site is optimized with the Yoast SEO plugin v27.4 - https:\/\/yoast.com\/product\/yoast-seo-wordpress\/ -->\n<title>PUBLICADO en REVISTA MATTER (I) - FILO Arquitectos<\/title>\n<meta name=\"robots\" content=\"index, follow, max-snippet:-1, max-image-preview:large, max-video-preview:-1\" \/>\n<link rel=\"canonical\" href=\"https:\/\/filoarquitectos.com\/en\/filo-arquitectos-publicado-en-revista-matter-2\/\" \/>\n<meta property=\"og:locale\" content=\"en_GB\" \/>\n<meta property=\"og:type\" content=\"article\" \/>\n<meta property=\"og:title\" content=\"PUBLICADO en REVISTA MATTER (I) - FILO Arquitectos\" \/>\n<meta property=\"og:url\" content=\"https:\/\/filoarquitectos.com\/en\/filo-arquitectos-publicado-en-revista-matter-2\/\" \/>\n<meta property=\"og:site_name\" content=\"FILO Arquitectos\" \/>\n<meta property=\"article:published_time\" content=\"2021-08-17T09:52:53+00:00\" \/>\n<meta property=\"article:modified_time\" content=\"2024-09-14T14:40:25+00:00\" \/>\n<meta property=\"og:image\" content=\"https:\/\/filoarquitectos.com\/wp-content\/uploads\/2024\/06\/Captura-de-Pantalla-2021-08-29-a-les-19.47.35.webp\" \/>\n\t<meta property=\"og:image:width\" content=\"2048\" \/>\n\t<meta property=\"og:image:height\" content=\"1483\" \/>\n\t<meta property=\"og:image:type\" content=\"image\/webp\" \/>\n<meta name=\"author\" content=\"silencio\" \/>\n<meta name=\"twitter:card\" content=\"summary_large_image\" \/>\n<meta name=\"twitter:label1\" content=\"Written by\" \/>\n\t<meta name=\"twitter:data1\" content=\"silencio\" \/>\n<script type=\"application\/ld+json\" class=\"yoast-schema-graph\">{\"@context\":\"https:\\\/\\\/schema.org\",\"@graph\":[{\"@type\":\"Article\",\"@id\":\"https:\\\/\\\/filoarquitectos.com\\\/filo-arquitectos-publicado-en-revista-matter-2\\\/#article\",\"isPartOf\":{\"@id\":\"https:\\\/\\\/filoarquitectos.com\\\/filo-arquitectos-publicado-en-revista-matter-2\\\/\"},\"author\":{\"name\":\"silencio\",\"@id\":\"https:\\\/\\\/filoarquitectos.com\\\/#\\\/schema\\\/person\\\/3662f9536f3ac85f67a368ad38eab8b4\"},\"headline\":\"PUBLICADO en REVISTA MATTER (I)\",\"datePublished\":\"2021-08-17T09:52:53+00:00\",\"dateModified\":\"2024-09-14T14:40:25+00:00\",\"mainEntityOfPage\":{\"@id\":\"https:\\\/\\\/filoarquitectos.com\\\/filo-arquitectos-publicado-en-revista-matter-2\\\/\"},\"wordCount\":42,\"commentCount\":0,\"publisher\":{\"@id\":\"https:\\\/\\\/filoarquitectos.com\\\/#organization\"},\"image\":{\"@id\":\"https:\\\/\\\/filoarquitectos.com\\\/filo-arquitectos-publicado-en-revista-matter-2\\\/#primaryimage\"},\"thumbnailUrl\":\"https:\\\/\\\/filoarquitectos.com\\\/wp-content\\\/uploads\\\/2024\\\/06\\\/Captura-de-Pantalla-2021-08-29-a-les-19.47.35.webp\",\"articleSection\":[\"Sin categor\u00eda\"],\"inLanguage\":\"en-GB\",\"potentialAction\":[{\"@type\":\"CommentAction\",\"name\":\"Comment\",\"target\":[\"https:\\\/\\\/filoarquitectos.com\\\/filo-arquitectos-publicado-en-revista-matter-2\\\/#respond\"]}]},{\"@type\":\"WebPage\",\"@id\":\"https:\\\/\\\/filoarquitectos.com\\\/filo-arquitectos-publicado-en-revista-matter-2\\\/\",\"url\":\"https:\\\/\\\/filoarquitectos.com\\\/filo-arquitectos-publicado-en-revista-matter-2\\\/\",\"name\":\"PUBLICADO en REVISTA MATTER (I) - FILO Arquitectos\",\"isPartOf\":{\"@id\":\"https:\\\/\\\/filoarquitectos.com\\\/#website\"},\"primaryImageOfPage\":{\"@id\":\"https:\\\/\\\/filoarquitectos.com\\\/filo-arquitectos-publicado-en-revista-matter-2\\\/#primaryimage\"},\"image\":{\"@id\":\"https:\\\/\\\/filoarquitectos.com\\\/filo-arquitectos-publicado-en-revista-matter-2\\\/#primaryimage\"},\"thumbnailUrl\":\"https:\\\/\\\/filoarquitectos.com\\\/wp-content\\\/uploads\\\/2024\\\/06\\\/Captura-de-Pantalla-2021-08-29-a-les-19.47.35.webp\",\"datePublished\":\"2021-08-17T09:52:53+00:00\",\"dateModified\":\"2024-09-14T14:40:25+00:00\",\"breadcrumb\":{\"@id\":\"https:\\\/\\\/filoarquitectos.com\\\/filo-arquitectos-publicado-en-revista-matter-2\\\/#breadcrumb\"},\"inLanguage\":\"en-GB\",\"potentialAction\":[{\"@type\":\"ReadAction\",\"target\":[\"https:\\\/\\\/filoarquitectos.com\\\/filo-arquitectos-publicado-en-revista-matter-2\\\/\"]}]},{\"@type\":\"ImageObject\",\"inLanguage\":\"en-GB\",\"@id\":\"https:\\\/\\\/filoarquitectos.com\\\/filo-arquitectos-publicado-en-revista-matter-2\\\/#primaryimage\",\"url\":\"https:\\\/\\\/filoarquitectos.com\\\/wp-content\\\/uploads\\\/2024\\\/06\\\/Captura-de-Pantalla-2021-08-29-a-les-19.47.35.webp\",\"contentUrl\":\"https:\\\/\\\/filoarquitectos.com\\\/wp-content\\\/uploads\\\/2024\\\/06\\\/Captura-de-Pantalla-2021-08-29-a-les-19.47.35.webp\",\"width\":2048,\"height\":1483},{\"@type\":\"BreadcrumbList\",\"@id\":\"https:\\\/\\\/filoarquitectos.com\\\/filo-arquitectos-publicado-en-revista-matter-2\\\/#breadcrumb\",\"itemListElement\":[{\"@type\":\"ListItem\",\"position\":1,\"name\":\"Portada\",\"item\":\"https:\\\/\\\/filoarquitectos.com\\\/\"},{\"@type\":\"ListItem\",\"position\":2,\"name\":\"PUBLICADO en REVISTA MATTER (I)\"}]},{\"@type\":\"WebSite\",\"@id\":\"https:\\\/\\\/filoarquitectos.com\\\/#website\",\"url\":\"https:\\\/\\\/filoarquitectos.com\\\/\",\"name\":\"FILO Arquitectos\",\"description\":\"\",\"publisher\":{\"@id\":\"https:\\\/\\\/filoarquitectos.com\\\/#organization\"},\"potentialAction\":[{\"@type\":\"SearchAction\",\"target\":{\"@type\":\"EntryPoint\",\"urlTemplate\":\"https:\\\/\\\/filoarquitectos.com\\\/?s={search_term_string}\"},\"query-input\":{\"@type\":\"PropertyValueSpecification\",\"valueRequired\":true,\"valueName\":\"search_term_string\"}}],\"inLanguage\":\"en-GB\"},{\"@type\":\"Organization\",\"@id\":\"https:\\\/\\\/filoarquitectos.com\\\/#organization\",\"name\":\"FILO Arquitectos\",\"url\":\"https:\\\/\\\/filoarquitectos.com\\\/\",\"logo\":{\"@type\":\"ImageObject\",\"inLanguage\":\"en-GB\",\"@id\":\"https:\\\/\\\/filoarquitectos.com\\\/#\\\/schema\\\/logo\\\/image\\\/\",\"url\":\"https:\\\/\\\/filoarquitectos.com\\\/wp-content\\\/uploads\\\/2025\\\/09\\\/LOGOTIPO.png\",\"contentUrl\":\"https:\\\/\\\/filoarquitectos.com\\\/wp-content\\\/uploads\\\/2025\\\/09\\\/LOGOTIPO.png\",\"width\":812,\"height\":944,\"caption\":\"FILO Arquitectos\"},\"image\":{\"@id\":\"https:\\\/\\\/filoarquitectos.com\\\/#\\\/schema\\\/logo\\\/image\\\/\"},\"sameAs\":[\"https:\\\/\\\/www.instagram.com\\\/filoarquitectos\\\/\"]},{\"@type\":\"Person\",\"@id\":\"https:\\\/\\\/filoarquitectos.com\\\/#\\\/schema\\\/person\\\/3662f9536f3ac85f67a368ad38eab8b4\",\"name\":\"silencio\",\"image\":{\"@type\":\"ImageObject\",\"inLanguage\":\"en-GB\",\"@id\":\"https:\\\/\\\/secure.gravatar.com\\\/avatar\\\/a9d1fca9dafaf924b26fe3d84fef6e6f6c0d039b9a5f185439cf2ab1ae1349c8?s=96&d=mm&r=g\",\"url\":\"https:\\\/\\\/secure.gravatar.com\\\/avatar\\\/a9d1fca9dafaf924b26fe3d84fef6e6f6c0d039b9a5f185439cf2ab1ae1349c8?s=96&d=mm&r=g\",\"contentUrl\":\"https:\\\/\\\/secure.gravatar.com\\\/avatar\\\/a9d1fca9dafaf924b26fe3d84fef6e6f6c0d039b9a5f185439cf2ab1ae1349c8?s=96&d=mm&r=g\",\"caption\":\"silencio\"},\"sameAs\":[\"https:\\\/\\\/filo.pruebaensilencio.es\"],\"url\":\"https:\\\/\\\/filoarquitectos.com\\\/en\\\/author\\\/silencio\\\/\"}]}<\/script>\n<!-- \/ Yoast SEO plugin. -->","yoast_head_json":{"title":"PUBLICADO en REVISTA MATTER (I) - FILO Arquitectos","robots":{"index":"index","follow":"follow","max-snippet":"max-snippet:-1","max-image-preview":"max-image-preview:large","max-video-preview":"max-video-preview:-1"},"canonical":"https:\/\/filoarquitectos.com\/en\/filo-arquitectos-publicado-en-revista-matter-2\/","og_locale":"en_GB","og_type":"article","og_title":"PUBLICADO en REVISTA MATTER (I) - FILO Arquitectos","og_url":"https:\/\/filoarquitectos.com\/en\/filo-arquitectos-publicado-en-revista-matter-2\/","og_site_name":"FILO Arquitectos","article_published_time":"2021-08-17T09:52:53+00:00","article_modified_time":"2024-09-14T14:40:25+00:00","og_image":[{"width":2048,"height":1483,"url":"https:\/\/filoarquitectos.com\/wp-content\/uploads\/2024\/06\/Captura-de-Pantalla-2021-08-29-a-les-19.47.35.webp","type":"image\/webp"}],"author":"silencio","twitter_card":"summary_large_image","twitter_misc":{"Written by":"silencio"},"schema":{"@context":"https:\/\/schema.org","@graph":[{"@type":"Article","@id":"https:\/\/filoarquitectos.com\/filo-arquitectos-publicado-en-revista-matter-2\/#article","isPartOf":{"@id":"https:\/\/filoarquitectos.com\/filo-arquitectos-publicado-en-revista-matter-2\/"},"author":{"name":"silencio","@id":"https:\/\/filoarquitectos.com\/#\/schema\/person\/3662f9536f3ac85f67a368ad38eab8b4"},"headline":"PUBLICADO en REVISTA MATTER (I)","datePublished":"2021-08-17T09:52:53+00:00","dateModified":"2024-09-14T14:40:25+00:00","mainEntityOfPage":{"@id":"https:\/\/filoarquitectos.com\/filo-arquitectos-publicado-en-revista-matter-2\/"},"wordCount":42,"commentCount":0,"publisher":{"@id":"https:\/\/filoarquitectos.com\/#organization"},"image":{"@id":"https:\/\/filoarquitectos.com\/filo-arquitectos-publicado-en-revista-matter-2\/#primaryimage"},"thumbnailUrl":"https:\/\/filoarquitectos.com\/wp-content\/uploads\/2024\/06\/Captura-de-Pantalla-2021-08-29-a-les-19.47.35.webp","articleSection":["Sin categor\u00eda"],"inLanguage":"en-GB","potentialAction":[{"@type":"CommentAction","name":"Comment","target":["https:\/\/filoarquitectos.com\/filo-arquitectos-publicado-en-revista-matter-2\/#respond"]}]},{"@type":"WebPage","@id":"https:\/\/filoarquitectos.com\/filo-arquitectos-publicado-en-revista-matter-2\/","url":"https:\/\/filoarquitectos.com\/filo-arquitectos-publicado-en-revista-matter-2\/","name":"PUBLICADO en REVISTA MATTER (I) - FILO Arquitectos","isPartOf":{"@id":"https:\/\/filoarquitectos.com\/#website"},"primaryImageOfPage":{"@id":"https:\/\/filoarquitectos.com\/filo-arquitectos-publicado-en-revista-matter-2\/#primaryimage"},"image":{"@id":"https:\/\/filoarquitectos.com\/filo-arquitectos-publicado-en-revista-matter-2\/#primaryimage"},"thumbnailUrl":"https:\/\/filoarquitectos.com\/wp-content\/uploads\/2024\/06\/Captura-de-Pantalla-2021-08-29-a-les-19.47.35.webp","datePublished":"2021-08-17T09:52:53+00:00","dateModified":"2024-09-14T14:40:25+00:00","breadcrumb":{"@id":"https:\/\/filoarquitectos.com\/filo-arquitectos-publicado-en-revista-matter-2\/#breadcrumb"},"inLanguage":"en-GB","potentialAction":[{"@type":"ReadAction","target":["https:\/\/filoarquitectos.com\/filo-arquitectos-publicado-en-revista-matter-2\/"]}]},{"@type":"ImageObject","inLanguage":"en-GB","@id":"https:\/\/filoarquitectos.com\/filo-arquitectos-publicado-en-revista-matter-2\/#primaryimage","url":"https:\/\/filoarquitectos.com\/wp-content\/uploads\/2024\/06\/Captura-de-Pantalla-2021-08-29-a-les-19.47.35.webp","contentUrl":"https:\/\/filoarquitectos.com\/wp-content\/uploads\/2024\/06\/Captura-de-Pantalla-2021-08-29-a-les-19.47.35.webp","width":2048,"height":1483},{"@type":"BreadcrumbList","@id":"https:\/\/filoarquitectos.com\/filo-arquitectos-publicado-en-revista-matter-2\/#breadcrumb","itemListElement":[{"@type":"ListItem","position":1,"name":"Portada","item":"https:\/\/filoarquitectos.com\/"},{"@type":"ListItem","position":2,"name":"PUBLICADO en REVISTA MATTER (I)"}]},{"@type":"WebSite","@id":"https:\/\/filoarquitectos.com\/#website","url":"https:\/\/filoarquitectos.com\/","name":"FILO Arquitectos","description":"","publisher":{"@id":"https:\/\/filoarquitectos.com\/#organization"},"potentialAction":[{"@type":"SearchAction","target":{"@type":"EntryPoint","urlTemplate":"https:\/\/filoarquitectos.com\/?s={search_term_string}"},"query-input":{"@type":"PropertyValueSpecification","valueRequired":true,"valueName":"search_term_string"}}],"inLanguage":"en-GB"},{"@type":"Organization","@id":"https:\/\/filoarquitectos.com\/#organization","name":"FILO Arquitectos","url":"https:\/\/filoarquitectos.com\/","logo":{"@type":"ImageObject","inLanguage":"en-GB","@id":"https:\/\/filoarquitectos.com\/#\/schema\/logo\/image\/","url":"https:\/\/filoarquitectos.com\/wp-content\/uploads\/2025\/09\/LOGOTIPO.png","contentUrl":"https:\/\/filoarquitectos.com\/wp-content\/uploads\/2025\/09\/LOGOTIPO.png","width":812,"height":944,"caption":"FILO Arquitectos"},"image":{"@id":"https:\/\/filoarquitectos.com\/#\/schema\/logo\/image\/"},"sameAs":["https:\/\/www.instagram.com\/filoarquitectos\/"]},{"@type":"Person","@id":"https:\/\/filoarquitectos.com\/#\/schema\/person\/3662f9536f3ac85f67a368ad38eab8b4","name":"silencio","image":{"@type":"ImageObject","inLanguage":"en-GB","@id":"https:\/\/secure.gravatar.com\/avatar\/a9d1fca9dafaf924b26fe3d84fef6e6f6c0d039b9a5f185439cf2ab1ae1349c8?s=96&d=mm&r=g","url":"https:\/\/secure.gravatar.com\/avatar\/a9d1fca9dafaf924b26fe3d84fef6e6f6c0d039b9a5f185439cf2ab1ae1349c8?s=96&d=mm&r=g","contentUrl":"https:\/\/secure.gravatar.com\/avatar\/a9d1fca9dafaf924b26fe3d84fef6e6f6c0d039b9a5f185439cf2ab1ae1349c8?s=96&d=mm&r=g","caption":"silencio"},"sameAs":["https:\/\/filo.pruebaensilencio.es"],"url":"https:\/\/filoarquitectos.com\/en\/author\/silencio\/"}]}},"_links":{"self":[{"href":"https:\/\/filoarquitectos.com\/en\/wp-json\/wp\/v2\/posts\/178","targetHints":{"allow":["GET"]}}],"collection":[{"href":"https:\/\/filoarquitectos.com\/en\/wp-json\/wp\/v2\/posts"}],"about":[{"href":"https:\/\/filoarquitectos.com\/en\/wp-json\/wp\/v2\/types\/post"}],"author":[{"embeddable":true,"href":"https:\/\/filoarquitectos.com\/en\/wp-json\/wp\/v2\/users\/1"}],"replies":[{"embeddable":true,"href":"https:\/\/filoarquitectos.com\/en\/wp-json\/wp\/v2\/comments?post=178"}],"version-history":[{"count":2,"href":"https:\/\/filoarquitectos.com\/en\/wp-json\/wp\/v2\/posts\/178\/revisions"}],"predecessor-version":[{"id":407,"href":"https:\/\/filoarquitectos.com\/en\/wp-json\/wp\/v2\/posts\/178\/revisions\/407"}],"wp:featuredmedia":[{"embeddable":true,"href":"https:\/\/filoarquitectos.com\/en\/wp-json\/wp\/v2\/media\/179"}],"wp:attachment":[{"href":"https:\/\/filoarquitectos.com\/en\/wp-json\/wp\/v2\/media?parent=178"}],"wp:term":[{"taxonomy":"category","embeddable":true,"href":"https:\/\/filoarquitectos.com\/en\/wp-json\/wp\/v2\/categories?post=178"},{"taxonomy":"post_tag","embeddable":true,"href":"https:\/\/filoarquitectos.com\/en\/wp-json\/wp\/v2\/tags?post=178"}],"curies":[{"name":"wp","href":"https:\/\/api.w.org\/{rel}","templated":true}]}}