{"id":490,"date":"2024-08-22T17:52:00","date_gmt":"2024-08-22T15:52:00","guid":{"rendered":"https:\/\/filo.pruebaensilencio.es\/?p=490"},"modified":"2025-07-21T18:56:34","modified_gmt":"2025-07-21T16:56:34","slug":"empieza-obra-para-salas-multiusos-en-pamplona","status":"publish","type":"post","link":"https:\/\/filoarquitectos.com\/en\/empieza-obra-para-salas-multiusos-en-pamplona\/","title":{"rendered":"Inicio de OBRA para salas multiusos en Pamplona"},"content":{"rendered":"<div class=\"wpb-content-wrapper\"><div class=\"vc_row wpb_row vc_row-fluid\"><div class=\"wpb_column vc_column_container vc_col-sm-12\"><div class=\"vc_column-inner\"><div class=\"wpb_wrapper\">\n\t<div class=\"wpb_text_column wpb_content_element\" >\n\t\t<div class=\"wpb_wrapper\">\n\t\t\t<p>Empiezan las obras para un local de referencia en el segundo ensanche de Pamplona. Pr\u00f3ximamente m\u00e1s informaci\u00f3n.<\/p>\n\n\t\t<\/div>\n\t<\/div>\n<\/div><\/div><\/div><\/div>\n<\/div>","protected":false},"excerpt":{"rendered":"Empiezan las obras para un local de referencia en el segundo ensanche de Pamplona. Pr\u00f3ximamente m\u00e1s informaci\u00f3n.","protected":false},"author":2,"featured_media":492,"comment_status":"closed","ping_status":"closed","sticky":false,"template":"","format":"standard","meta":{"footnotes":""},"categories":[1],"tags":[],"class_list":["post-490","post","type-post","status-publish","format-standard","has-post-thumbnail","hentry","category-sin-categoria"],"yoast_head":"<!-- This site is optimized with the Yoast SEO plugin v27.4 - https:\/\/yoast.com\/product\/yoast-seo-wordpress\/ -->\n<title>Inicio de OBRA para salas multiusos en Pamplona - FILO Arquitectos<\/title>\n<meta name=\"robots\" content=\"index, follow, max-snippet:-1, max-image-preview:large, max-video-preview:-1\" \/>\n<link rel=\"canonical\" href=\"https:\/\/filoarquitectos.com\/en\/empieza-obra-para-salas-multiusos-en-pamplona\/\" \/>\n<meta property=\"og:locale\" content=\"en_GB\" \/>\n<meta property=\"og:type\" content=\"article\" \/>\n<meta property=\"og:title\" content=\"Inicio de OBRA para salas multiusos en Pamplona - FILO Arquitectos\" \/>\n<meta property=\"og:url\" content=\"https:\/\/filoarquitectos.com\/en\/empieza-obra-para-salas-multiusos-en-pamplona\/\" \/>\n<meta property=\"og:site_name\" content=\"FILO Arquitectos\" \/>\n<meta property=\"article:published_time\" content=\"2024-08-22T15:52:00+00:00\" \/>\n<meta property=\"article:modified_time\" content=\"2025-07-21T16:56:34+00:00\" \/>\n<meta property=\"og:image\" content=\"https:\/\/filoarquitectos.com\/wp-content\/uploads\/2024\/09\/AXO-2002.jpg\" \/>\n\t<meta property=\"og:image:width\" content=\"2339\" \/>\n\t<meta property=\"og:image:height\" content=\"1653\" \/>\n\t<meta property=\"og:image:type\" content=\"image\/jpeg\" \/>\n<meta name=\"author\" content=\"Enrique Iriso\" \/>\n<meta name=\"twitter:card\" content=\"summary_large_image\" \/>\n<meta name=\"twitter:label1\" content=\"Written by\" \/>\n\t<meta name=\"twitter:data1\" content=\"Enrique Iriso\" \/>\n<script type=\"application\/ld+json\" class=\"yoast-schema-graph\">{\"@context\":\"https:\\\/\\\/schema.org\",\"@graph\":[{\"@type\":\"Article\",\"@id\":\"https:\\\/\\\/filoarquitectos.com\\\/empieza-obra-para-salas-multiusos-en-pamplona\\\/#article\",\"isPartOf\":{\"@id\":\"https:\\\/\\\/filoarquitectos.com\\\/empieza-obra-para-salas-multiusos-en-pamplona\\\/\"},\"author\":{\"name\":\"Enrique Iriso\",\"@id\":\"https:\\\/\\\/filoarquitectos.com\\\/#\\\/schema\\\/person\\\/4d111123617adb8a18dab15c569fb533\"},\"headline\":\"Inicio de OBRA para salas multiusos en Pamplona\",\"datePublished\":\"2024-08-22T15:52:00+00:00\",\"dateModified\":\"2025-07-21T16:56:34+00:00\",\"mainEntityOfPage\":{\"@id\":\"https:\\\/\\\/filoarquitectos.com\\\/empieza-obra-para-salas-multiusos-en-pamplona\\\/\"},\"wordCount\":42,\"publisher\":{\"@id\":\"https:\\\/\\\/filoarquitectos.com\\\/#organization\"},\"image\":{\"@id\":\"https:\\\/\\\/filoarquitectos.com\\\/empieza-obra-para-salas-multiusos-en-pamplona\\\/#primaryimage\"},\"thumbnailUrl\":\"https:\\\/\\\/filoarquitectos.com\\\/wp-content\\\/uploads\\\/2024\\\/09\\\/AXO-2002.jpg\",\"articleSection\":[\"Sin categor\u00eda\"],\"inLanguage\":\"en-GB\"},{\"@type\":\"WebPage\",\"@id\":\"https:\\\/\\\/filoarquitectos.com\\\/empieza-obra-para-salas-multiusos-en-pamplona\\\/\",\"url\":\"https:\\\/\\\/filoarquitectos.com\\\/empieza-obra-para-salas-multiusos-en-pamplona\\\/\",\"name\":\"Inicio de OBRA para salas multiusos en Pamplona - FILO Arquitectos\",\"isPartOf\":{\"@id\":\"https:\\\/\\\/filoarquitectos.com\\\/#website\"},\"primaryImageOfPage\":{\"@id\":\"https:\\\/\\\/filoarquitectos.com\\\/empieza-obra-para-salas-multiusos-en-pamplona\\\/#primaryimage\"},\"image\":{\"@id\":\"https:\\\/\\\/filoarquitectos.com\\\/empieza-obra-para-salas-multiusos-en-pamplona\\\/#primaryimage\"},\"thumbnailUrl\":\"https:\\\/\\\/filoarquitectos.com\\\/wp-content\\\/uploads\\\/2024\\\/09\\\/AXO-2002.jpg\",\"datePublished\":\"2024-08-22T15:52:00+00:00\",\"dateModified\":\"2025-07-21T16:56:34+00:00\",\"breadcrumb\":{\"@id\":\"https:\\\/\\\/filoarquitectos.com\\\/empieza-obra-para-salas-multiusos-en-pamplona\\\/#breadcrumb\"},\"inLanguage\":\"en-GB\",\"potentialAction\":[{\"@type\":\"ReadAction\",\"target\":[\"https:\\\/\\\/filoarquitectos.com\\\/empieza-obra-para-salas-multiusos-en-pamplona\\\/\"]}]},{\"@type\":\"ImageObject\",\"inLanguage\":\"en-GB\",\"@id\":\"https:\\\/\\\/filoarquitectos.com\\\/empieza-obra-para-salas-multiusos-en-pamplona\\\/#primaryimage\",\"url\":\"https:\\\/\\\/filoarquitectos.com\\\/wp-content\\\/uploads\\\/2024\\\/09\\\/AXO-2002.jpg\",\"contentUrl\":\"https:\\\/\\\/filoarquitectos.com\\\/wp-content\\\/uploads\\\/2024\\\/09\\\/AXO-2002.jpg\",\"width\":2339,\"height\":1653},{\"@type\":\"BreadcrumbList\",\"@id\":\"https:\\\/\\\/filoarquitectos.com\\\/empieza-obra-para-salas-multiusos-en-pamplona\\\/#breadcrumb\",\"itemListElement\":[{\"@type\":\"ListItem\",\"position\":1,\"name\":\"Portada\",\"item\":\"https:\\\/\\\/filoarquitectos.com\\\/\"},{\"@type\":\"ListItem\",\"position\":2,\"name\":\"Inicio de OBRA para salas multiusos en Pamplona\"}]},{\"@type\":\"WebSite\",\"@id\":\"https:\\\/\\\/filoarquitectos.com\\\/#website\",\"url\":\"https:\\\/\\\/filoarquitectos.com\\\/\",\"name\":\"FILO Arquitectos\",\"description\":\"\",\"publisher\":{\"@id\":\"https:\\\/\\\/filoarquitectos.com\\\/#organization\"},\"potentialAction\":[{\"@type\":\"SearchAction\",\"target\":{\"@type\":\"EntryPoint\",\"urlTemplate\":\"https:\\\/\\\/filoarquitectos.com\\\/?s={search_term_string}\"},\"query-input\":{\"@type\":\"PropertyValueSpecification\",\"valueRequired\":true,\"valueName\":\"search_term_string\"}}],\"inLanguage\":\"en-GB\"},{\"@type\":\"Organization\",\"@id\":\"https:\\\/\\\/filoarquitectos.com\\\/#organization\",\"name\":\"FILO Arquitectos\",\"url\":\"https:\\\/\\\/filoarquitectos.com\\\/\",\"logo\":{\"@type\":\"ImageObject\",\"inLanguage\":\"en-GB\",\"@id\":\"https:\\\/\\\/filoarquitectos.com\\\/#\\\/schema\\\/logo\\\/image\\\/\",\"url\":\"https:\\\/\\\/filoarquitectos.com\\\/wp-content\\\/uploads\\\/2025\\\/09\\\/LOGOTIPO.png\",\"contentUrl\":\"https:\\\/\\\/filoarquitectos.com\\\/wp-content\\\/uploads\\\/2025\\\/09\\\/LOGOTIPO.png\",\"width\":812,\"height\":944,\"caption\":\"FILO Arquitectos\"},\"image\":{\"@id\":\"https:\\\/\\\/filoarquitectos.com\\\/#\\\/schema\\\/logo\\\/image\\\/\"},\"sameAs\":[\"https:\\\/\\\/www.instagram.com\\\/filoarquitectos\\\/\"]},{\"@type\":\"Person\",\"@id\":\"https:\\\/\\\/filoarquitectos.com\\\/#\\\/schema\\\/person\\\/4d111123617adb8a18dab15c569fb533\",\"name\":\"Enrique Iriso\",\"image\":{\"@type\":\"ImageObject\",\"inLanguage\":\"en-GB\",\"@id\":\"https:\\\/\\\/secure.gravatar.com\\\/avatar\\\/285ba25993f138fc51785a9c06268bca6bad5d481ba9017f10c547d3074a6eb2?s=96&d=mm&r=g\",\"url\":\"https:\\\/\\\/secure.gravatar.com\\\/avatar\\\/285ba25993f138fc51785a9c06268bca6bad5d481ba9017f10c547d3074a6eb2?s=96&d=mm&r=g\",\"contentUrl\":\"https:\\\/\\\/secure.gravatar.com\\\/avatar\\\/285ba25993f138fc51785a9c06268bca6bad5d481ba9017f10c547d3074a6eb2?s=96&d=mm&r=g\",\"caption\":\"Enrique Iriso\"},\"url\":\"https:\\\/\\\/filoarquitectos.com\\\/en\\\/author\\\/filo\\\/\"}]}<\/script>\n<!-- \/ Yoast SEO plugin. -->","yoast_head_json":{"title":"Inicio de OBRA para salas multiusos en Pamplona - FILO Arquitectos","robots":{"index":"index","follow":"follow","max-snippet":"max-snippet:-1","max-image-preview":"max-image-preview:large","max-video-preview":"max-video-preview:-1"},"canonical":"https:\/\/filoarquitectos.com\/en\/empieza-obra-para-salas-multiusos-en-pamplona\/","og_locale":"en_GB","og_type":"article","og_title":"Inicio de OBRA para salas multiusos en Pamplona - FILO Arquitectos","og_url":"https:\/\/filoarquitectos.com\/en\/empieza-obra-para-salas-multiusos-en-pamplona\/","og_site_name":"FILO Arquitectos","article_published_time":"2024-08-22T15:52:00+00:00","article_modified_time":"2025-07-21T16:56:34+00:00","og_image":[{"width":2339,"height":1653,"url":"https:\/\/filoarquitectos.com\/wp-content\/uploads\/2024\/09\/AXO-2002.jpg","type":"image\/jpeg"}],"author":"Enrique Iriso","twitter_card":"summary_large_image","twitter_misc":{"Written by":"Enrique Iriso"},"schema":{"@context":"https:\/\/schema.org","@graph":[{"@type":"Article","@id":"https:\/\/filoarquitectos.com\/empieza-obra-para-salas-multiusos-en-pamplona\/#article","isPartOf":{"@id":"https:\/\/filoarquitectos.com\/empieza-obra-para-salas-multiusos-en-pamplona\/"},"author":{"name":"Enrique Iriso","@id":"https:\/\/filoarquitectos.com\/#\/schema\/person\/4d111123617adb8a18dab15c569fb533"},"headline":"Inicio de OBRA para salas multiusos en Pamplona","datePublished":"2024-08-22T15:52:00+00:00","dateModified":"2025-07-21T16:56:34+00:00","mainEntityOfPage":{"@id":"https:\/\/filoarquitectos.com\/empieza-obra-para-salas-multiusos-en-pamplona\/"},"wordCount":42,"publisher":{"@id":"https:\/\/filoarquitectos.com\/#organization"},"image":{"@id":"https:\/\/filoarquitectos.com\/empieza-obra-para-salas-multiusos-en-pamplona\/#primaryimage"},"thumbnailUrl":"https:\/\/filoarquitectos.com\/wp-content\/uploads\/2024\/09\/AXO-2002.jpg","articleSection":["Sin categor\u00eda"],"inLanguage":"en-GB"},{"@type":"WebPage","@id":"https:\/\/filoarquitectos.com\/empieza-obra-para-salas-multiusos-en-pamplona\/","url":"https:\/\/filoarquitectos.com\/empieza-obra-para-salas-multiusos-en-pamplona\/","name":"Inicio de OBRA para salas multiusos en Pamplona - FILO Arquitectos","isPartOf":{"@id":"https:\/\/filoarquitectos.com\/#website"},"primaryImageOfPage":{"@id":"https:\/\/filoarquitectos.com\/empieza-obra-para-salas-multiusos-en-pamplona\/#primaryimage"},"image":{"@id":"https:\/\/filoarquitectos.com\/empieza-obra-para-salas-multiusos-en-pamplona\/#primaryimage"},"thumbnailUrl":"https:\/\/filoarquitectos.com\/wp-content\/uploads\/2024\/09\/AXO-2002.jpg","datePublished":"2024-08-22T15:52:00+00:00","dateModified":"2025-07-21T16:56:34+00:00","breadcrumb":{"@id":"https:\/\/filoarquitectos.com\/empieza-obra-para-salas-multiusos-en-pamplona\/#breadcrumb"},"inLanguage":"en-GB","potentialAction":[{"@type":"ReadAction","target":["https:\/\/filoarquitectos.com\/empieza-obra-para-salas-multiusos-en-pamplona\/"]}]},{"@type":"ImageObject","inLanguage":"en-GB","@id":"https:\/\/filoarquitectos.com\/empieza-obra-para-salas-multiusos-en-pamplona\/#primaryimage","url":"https:\/\/filoarquitectos.com\/wp-content\/uploads\/2024\/09\/AXO-2002.jpg","contentUrl":"https:\/\/filoarquitectos.com\/wp-content\/uploads\/2024\/09\/AXO-2002.jpg","width":2339,"height":1653},{"@type":"BreadcrumbList","@id":"https:\/\/filoarquitectos.com\/empieza-obra-para-salas-multiusos-en-pamplona\/#breadcrumb","itemListElement":[{"@type":"ListItem","position":1,"name":"Portada","item":"https:\/\/filoarquitectos.com\/"},{"@type":"ListItem","position":2,"name":"Inicio de OBRA para salas multiusos en Pamplona"}]},{"@type":"WebSite","@id":"https:\/\/filoarquitectos.com\/#website","url":"https:\/\/filoarquitectos.com\/","name":"FILO Arquitectos","description":"","publisher":{"@id":"https:\/\/filoarquitectos.com\/#organization"},"potentialAction":[{"@type":"SearchAction","target":{"@type":"EntryPoint","urlTemplate":"https:\/\/filoarquitectos.com\/?s={search_term_string}"},"query-input":{"@type":"PropertyValueSpecification","valueRequired":true,"valueName":"search_term_string"}}],"inLanguage":"en-GB"},{"@type":"Organization","@id":"https:\/\/filoarquitectos.com\/#organization","name":"FILO Arquitectos","url":"https:\/\/filoarquitectos.com\/","logo":{"@type":"ImageObject","inLanguage":"en-GB","@id":"https:\/\/filoarquitectos.com\/#\/schema\/logo\/image\/","url":"https:\/\/filoarquitectos.com\/wp-content\/uploads\/2025\/09\/LOGOTIPO.png","contentUrl":"https:\/\/filoarquitectos.com\/wp-content\/uploads\/2025\/09\/LOGOTIPO.png","width":812,"height":944,"caption":"FILO Arquitectos"},"image":{"@id":"https:\/\/filoarquitectos.com\/#\/schema\/logo\/image\/"},"sameAs":["https:\/\/www.instagram.com\/filoarquitectos\/"]},{"@type":"Person","@id":"https:\/\/filoarquitectos.com\/#\/schema\/person\/4d111123617adb8a18dab15c569fb533","name":"Enrique Iriso","image":{"@type":"ImageObject","inLanguage":"en-GB","@id":"https:\/\/secure.gravatar.com\/avatar\/285ba25993f138fc51785a9c06268bca6bad5d481ba9017f10c547d3074a6eb2?s=96&d=mm&r=g","url":"https:\/\/secure.gravatar.com\/avatar\/285ba25993f138fc51785a9c06268bca6bad5d481ba9017f10c547d3074a6eb2?s=96&d=mm&r=g","contentUrl":"https:\/\/secure.gravatar.com\/avatar\/285ba25993f138fc51785a9c06268bca6bad5d481ba9017f10c547d3074a6eb2?s=96&d=mm&r=g","caption":"Enrique Iriso"},"url":"https:\/\/filoarquitectos.com\/en\/author\/filo\/"}]}},"_links":{"self":[{"href":"https:\/\/filoarquitectos.com\/en\/wp-json\/wp\/v2\/posts\/490","targetHints":{"allow":["GET"]}}],"collection":[{"href":"https:\/\/filoarquitectos.com\/en\/wp-json\/wp\/v2\/posts"}],"about":[{"href":"https:\/\/filoarquitectos.com\/en\/wp-json\/wp\/v2\/types\/post"}],"author":[{"embeddable":true,"href":"https:\/\/filoarquitectos.com\/en\/wp-json\/wp\/v2\/users\/2"}],"replies":[{"embeddable":true,"href":"https:\/\/filoarquitectos.com\/en\/wp-json\/wp\/v2\/comments?post=490"}],"version-history":[{"count":4,"href":"https:\/\/filoarquitectos.com\/en\/wp-json\/wp\/v2\/posts\/490\/revisions"}],"predecessor-version":[{"id":602,"href":"https:\/\/filoarquitectos.com\/en\/wp-json\/wp\/v2\/posts\/490\/revisions\/602"}],"wp:featuredmedia":[{"embeddable":true,"href":"https:\/\/filoarquitectos.com\/en\/wp-json\/wp\/v2\/media\/492"}],"wp:attachment":[{"href":"https:\/\/filoarquitectos.com\/en\/wp-json\/wp\/v2\/media?parent=490"}],"wp:term":[{"taxonomy":"category","embeddable":true,"href":"https:\/\/filoarquitectos.com\/en\/wp-json\/wp\/v2\/categories?post=490"},{"taxonomy":"post_tag","embeddable":true,"href":"https:\/\/filoarquitectos.com\/en\/wp-json\/wp\/v2\/tags?post=490"}],"curies":[{"name":"wp","href":"https:\/\/api.w.org\/{rel}","templated":true}]}}